{"id":20,"date":"2021-04-05T22:57:36","date_gmt":"2021-04-05T22:57:36","guid":{"rendered":"https:\/\/caminbatraniselimbar.ro\/?p=20"},"modified":"2021-04-24T04:56:06","modified_gmt":"2021-04-24T04:56:06","slug":"ingrijire-batrani-seniori-camin-batrani-sibiu","status":"publish","type":"post","link":"https:\/\/caminbatraniselimbar.ro\/index.php\/2021\/04\/05\/ingrijire-batrani-seniori-camin-batrani-sibiu\/","title":{"rendered":"Despre Noi"},"content":{"rendered":"\n<p>C\u0103minul de b\u0103tr\u00e2ni &#8220;Senioren Hous Bethel&#8221; este localizat \u00een localitatea \u0218elimbar jude\u021bul Sibiu Str.Trifoiului nr.32<\/p>\n\n\n\n<h4 class=\"wp-block-heading\"><strong>Dac\u0103 sunte\u021bi \u00een c\u0103utarea unui c\u0103min pentru <\/strong>cei \u00eenainta\u021bi \u00een v\u00e2rst\u0103<\/h4>\n\n\n\n<p>Centrul dispune de o cl\u0103dire proprie (demisol, parter, etaj, mansard\u0103) cu o curte generoas\u0103, parcare proprie, zon\u0103 verde \u0219i gr\u0103din\u0103, toate aceste pe o suprafa\u021b\u0103 de 8000mp. Capacitatea centrului este de 84 de locuri, \u00een cl\u0103direa principal\u0103, \u00een camere cu dou\u0103 paturi \u0219i baie proprie, mobilier adecvat, Tv, Internet.<\/p>\n\n\n\n<p>Asigur\u0103m servicii medicale cu doi medici de familie, asistente medicale \u0219i infirmiere prezente in cetru 24 din 24 h.<\/p>\n","protected":false},"excerpt":{"rendered":"<p>C\u0103minul de b\u0103tr\u00e2ni &#8220;Senioren Hous Bethel&#8221; este localizat \u00een localitatea \u0218elimbar jude\u021bul Sibiu Str.Trifoiului nr.32 Dac\u0103 sunte\u021bi \u00een c\u0103utarea unui c\u0103min pentru cei \u00eenainta\u021bi \u00een v\u00e2rst\u0103 Centrul dispune de o cl\u0103dire proprie (demisol, parter, etaj, mansard\u0103) cu o curte generoas\u0103, parcare proprie, zon\u0103 verde \u0219i gr\u0103din\u0103, toate aceste pe o [&hellip;]<\/p>\n","protected":false},"author":1,"featured_media":115,"comment_status":"open","ping_status":"open","sticky":false,"template":"","format":"standard","meta":{"footnotes":""},"categories":[3],"tags":[],"class_list":["post-20","post","type-post","status-publish","format-standard","has-post-thumbnail","hentry","category-o-casa-pentru-cei-in-virsta"],"yoast_head":"<!-- This site is optimized with the Yoast SEO plugin v24.8.1 - https:\/\/yoast.com\/wordpress\/plugins\/seo\/ -->\n<title>Despre Noi - Senioren Haus Bethel<\/title>\n<meta name=\"description\" content=\"O casa pentru cei inaintati in varsta, camin batrani, camin seniori Sibiu, centru ingrijire batrani, centru ingrijire seniori\" \/>\n<meta name=\"robots\" content=\"index, follow, max-snippet:-1, max-image-preview:large, max-video-preview:-1\" \/>\n<link rel=\"canonical\" href=\"https:\/\/caminbatraniselimbar.ro\/index.php\/2021\/04\/05\/ingrijire-batrani-seniori-camin-batrani-sibiu\/\" \/>\n<meta property=\"og:locale\" content=\"en_US\" \/>\n<meta property=\"og:type\" content=\"article\" \/>\n<meta property=\"og:title\" content=\"Despre Noi - Senioren Haus Bethel\" \/>\n<meta property=\"og:description\" content=\"O casa pentru cei inaintati in varsta, camin batrani, camin seniori Sibiu, centru ingrijire batrani, centru ingrijire seniori\" \/>\n<meta property=\"og:url\" content=\"https:\/\/caminbatraniselimbar.ro\/index.php\/2021\/04\/05\/ingrijire-batrani-seniori-camin-batrani-sibiu\/\" \/>\n<meta property=\"og:site_name\" content=\"Senioren Haus Bethel\" \/>\n<meta property=\"article:published_time\" content=\"2021-04-05T22:57:36+00:00\" \/>\n<meta property=\"article:modified_time\" content=\"2021-04-24T04:56:06+00:00\" \/>\n<meta property=\"og:image\" content=\"https:\/\/caminbatraniselimbar.ro\/wp-content\/uploads\/2021\/04\/Picture-085.jpg\" \/>\n\t<meta property=\"og:image:width\" content=\"1024\" \/>\n\t<meta property=\"og:image:height\" content=\"768\" \/>\n\t<meta property=\"og:image:type\" content=\"image\/jpeg\" \/>\n<meta name=\"author\" content=\"admin\" \/>\n<meta name=\"twitter:card\" content=\"summary_large_image\" \/>\n<meta name=\"twitter:label1\" content=\"Written by\" \/>\n\t<meta name=\"twitter:data1\" content=\"admin\" \/>\n\t<meta name=\"twitter:label2\" content=\"Est. reading time\" \/>\n\t<meta name=\"twitter:data2\" content=\"1 minute\" \/>\n<script type=\"application\/ld+json\" class=\"yoast-schema-graph\">{\"@context\":\"https:\/\/schema.org\",\"@graph\":[{\"@type\":\"Article\",\"@id\":\"https:\/\/caminbatraniselimbar.ro\/index.php\/2021\/04\/05\/ingrijire-batrani-seniori-camin-batrani-sibiu\/#article\",\"isPartOf\":{\"@id\":\"https:\/\/caminbatraniselimbar.ro\/index.php\/2021\/04\/05\/ingrijire-batrani-seniori-camin-batrani-sibiu\/\"},\"author\":{\"name\":\"admin\",\"@id\":\"https:\/\/caminbatraniselimbar.ro\/#\/schema\/person\/03b49664500b8956eae0f23e8bf01cd5\"},\"headline\":\"Despre Noi\",\"datePublished\":\"2021-04-05T22:57:36+00:00\",\"dateModified\":\"2021-04-24T04:56:06+00:00\",\"mainEntityOfPage\":{\"@id\":\"https:\/\/caminbatraniselimbar.ro\/index.php\/2021\/04\/05\/ingrijire-batrani-seniori-camin-batrani-sibiu\/\"},\"wordCount\":107,\"commentCount\":0,\"publisher\":{\"@id\":\"https:\/\/caminbatraniselimbar.ro\/#organization\"},\"image\":{\"@id\":\"https:\/\/caminbatraniselimbar.ro\/index.php\/2021\/04\/05\/ingrijire-batrani-seniori-camin-batrani-sibiu\/#primaryimage\"},\"thumbnailUrl\":\"https:\/\/caminbatraniselimbar.ro\/wp-content\/uploads\/2021\/04\/Picture-085.jpg\",\"articleSection\":[\"Camin Seniori\"],\"inLanguage\":\"en-US\",\"potentialAction\":[{\"@type\":\"CommentAction\",\"name\":\"Comment\",\"target\":[\"https:\/\/caminbatraniselimbar.ro\/index.php\/2021\/04\/05\/ingrijire-batrani-seniori-camin-batrani-sibiu\/#respond\"]}]},{\"@type\":\"WebPage\",\"@id\":\"https:\/\/caminbatraniselimbar.ro\/index.php\/2021\/04\/05\/ingrijire-batrani-seniori-camin-batrani-sibiu\/\",\"url\":\"https:\/\/caminbatraniselimbar.ro\/index.php\/2021\/04\/05\/ingrijire-batrani-seniori-camin-batrani-sibiu\/\",\"name\":\"Despre Noi - Senioren Haus Bethel\",\"isPartOf\":{\"@id\":\"https:\/\/caminbatraniselimbar.ro\/#website\"},\"primaryImageOfPage\":{\"@id\":\"https:\/\/caminbatraniselimbar.ro\/index.php\/2021\/04\/05\/ingrijire-batrani-seniori-camin-batrani-sibiu\/#primaryimage\"},\"image\":{\"@id\":\"https:\/\/caminbatraniselimbar.ro\/index.php\/2021\/04\/05\/ingrijire-batrani-seniori-camin-batrani-sibiu\/#primaryimage\"},\"thumbnailUrl\":\"https:\/\/caminbatraniselimbar.ro\/wp-content\/uploads\/2021\/04\/Picture-085.jpg\",\"datePublished\":\"2021-04-05T22:57:36+00:00\",\"dateModified\":\"2021-04-24T04:56:06+00:00\",\"description\":\"O casa pentru cei inaintati in varsta, camin batrani, camin seniori Sibiu, centru ingrijire batrani, centru ingrijire seniori\",\"breadcrumb\":{\"@id\":\"https:\/\/caminbatraniselimbar.ro\/index.php\/2021\/04\/05\/ingrijire-batrani-seniori-camin-batrani-sibiu\/#breadcrumb\"},\"inLanguage\":\"en-US\",\"potentialAction\":[{\"@type\":\"ReadAction\",\"target\":[\"https:\/\/caminbatraniselimbar.ro\/index.php\/2021\/04\/05\/ingrijire-batrani-seniori-camin-batrani-sibiu\/\"]}]},{\"@type\":\"ImageObject\",\"inLanguage\":\"en-US\",\"@id\":\"https:\/\/caminbatraniselimbar.ro\/index.php\/2021\/04\/05\/ingrijire-batrani-seniori-camin-batrani-sibiu\/#primaryimage\",\"url\":\"https:\/\/caminbatraniselimbar.ro\/wp-content\/uploads\/2021\/04\/Picture-085.jpg\",\"contentUrl\":\"https:\/\/caminbatraniselimbar.ro\/wp-content\/uploads\/2021\/04\/Picture-085.jpg\",\"width\":1024,\"height\":768},{\"@type\":\"BreadcrumbList\",\"@id\":\"https:\/\/caminbatraniselimbar.ro\/index.php\/2021\/04\/05\/ingrijire-batrani-seniori-camin-batrani-sibiu\/#breadcrumb\",\"itemListElement\":[{\"@type\":\"ListItem\",\"position\":1,\"name\":\"Home\",\"item\":\"https:\/\/caminbatraniselimbar.ro\/\"},{\"@type\":\"ListItem\",\"position\":2,\"name\":\"Despre Noi\"}]},{\"@type\":\"WebSite\",\"@id\":\"https:\/\/caminbatraniselimbar.ro\/#website\",\"url\":\"https:\/\/caminbatraniselimbar.ro\/\",\"name\":\"Senioren Haus Bethel\",\"description\":\"Just another WordPress site\",\"publisher\":{\"@id\":\"https:\/\/caminbatraniselimbar.ro\/#organization\"},\"potentialAction\":[{\"@type\":\"SearchAction\",\"target\":{\"@type\":\"EntryPoint\",\"urlTemplate\":\"https:\/\/caminbatraniselimbar.ro\/?s={search_term_string}\"},\"query-input\":{\"@type\":\"PropertyValueSpecification\",\"valueRequired\":true,\"valueName\":\"search_term_string\"}}],\"inLanguage\":\"en-US\"},{\"@type\":\"Organization\",\"@id\":\"https:\/\/caminbatraniselimbar.ro\/#organization\",\"name\":\"Senioren Haus Bethel\",\"url\":\"https:\/\/caminbatraniselimbar.ro\/\",\"logo\":{\"@type\":\"ImageObject\",\"inLanguage\":\"en-US\",\"@id\":\"https:\/\/caminbatraniselimbar.ro\/#\/schema\/logo\/image\/\",\"url\":\"https:\/\/caminbatraniselimbar.ro\/wp-content\/uploads\/2021\/04\/sigla2.png\",\"contentUrl\":\"https:\/\/caminbatraniselimbar.ro\/wp-content\/uploads\/2021\/04\/sigla2.png\",\"width\":271,\"height\":251,\"caption\":\"Senioren Haus Bethel\"},\"image\":{\"@id\":\"https:\/\/caminbatraniselimbar.ro\/#\/schema\/logo\/image\/\"}},{\"@type\":\"Person\",\"@id\":\"https:\/\/caminbatraniselimbar.ro\/#\/schema\/person\/03b49664500b8956eae0f23e8bf01cd5\",\"name\":\"admin\",\"image\":{\"@type\":\"ImageObject\",\"inLanguage\":\"en-US\",\"@id\":\"https:\/\/caminbatraniselimbar.ro\/#\/schema\/person\/image\/\",\"url\":\"https:\/\/secure.gravatar.com\/avatar\/a2e87f1aa2d79a4db44fd3135149df68b0b021910f00a17cdeb1a594e1a6e74a?s=96&d=mm&r=g\",\"contentUrl\":\"https:\/\/secure.gravatar.com\/avatar\/a2e87f1aa2d79a4db44fd3135149df68b0b021910f00a17cdeb1a594e1a6e74a?s=96&d=mm&r=g\",\"caption\":\"admin\"},\"sameAs\":[\"https:\/\/caminbatraniselimbar.ro\"],\"url\":\"https:\/\/caminbatraniselimbar.ro\/index.php\/author\/admin_0jaa55fy\/\"}]}<\/script>\n<!-- \/ Yoast SEO plugin. -->","yoast_head_json":{"title":"Despre Noi - Senioren Haus Bethel","description":"O casa pentru cei inaintati in varsta, camin batrani, camin seniori Sibiu, centru ingrijire batrani, centru ingrijire seniori","robots":{"index":"index","follow":"follow","max-snippet":"max-snippet:-1","max-image-preview":"max-image-preview:large","max-video-preview":"max-video-preview:-1"},"canonical":"https:\/\/caminbatraniselimbar.ro\/index.php\/2021\/04\/05\/ingrijire-batrani-seniori-camin-batrani-sibiu\/","og_locale":"en_US","og_type":"article","og_title":"Despre Noi - Senioren Haus Bethel","og_description":"O casa pentru cei inaintati in varsta, camin batrani, camin seniori Sibiu, centru ingrijire batrani, centru ingrijire seniori","og_url":"https:\/\/caminbatraniselimbar.ro\/index.php\/2021\/04\/05\/ingrijire-batrani-seniori-camin-batrani-sibiu\/","og_site_name":"Senioren Haus Bethel","article_published_time":"2021-04-05T22:57:36+00:00","article_modified_time":"2021-04-24T04:56:06+00:00","og_image":[{"width":1024,"height":768,"url":"https:\/\/caminbatraniselimbar.ro\/wp-content\/uploads\/2021\/04\/Picture-085.jpg","type":"image\/jpeg"}],"author":"admin","twitter_card":"summary_large_image","twitter_misc":{"Written by":"admin","Est. reading time":"1 minute"},"schema":{"@context":"https:\/\/schema.org","@graph":[{"@type":"Article","@id":"https:\/\/caminbatraniselimbar.ro\/index.php\/2021\/04\/05\/ingrijire-batrani-seniori-camin-batrani-sibiu\/#article","isPartOf":{"@id":"https:\/\/caminbatraniselimbar.ro\/index.php\/2021\/04\/05\/ingrijire-batrani-seniori-camin-batrani-sibiu\/"},"author":{"name":"admin","@id":"https:\/\/caminbatraniselimbar.ro\/#\/schema\/person\/03b49664500b8956eae0f23e8bf01cd5"},"headline":"Despre Noi","datePublished":"2021-04-05T22:57:36+00:00","dateModified":"2021-04-24T04:56:06+00:00","mainEntityOfPage":{"@id":"https:\/\/caminbatraniselimbar.ro\/index.php\/2021\/04\/05\/ingrijire-batrani-seniori-camin-batrani-sibiu\/"},"wordCount":107,"commentCount":0,"publisher":{"@id":"https:\/\/caminbatraniselimbar.ro\/#organization"},"image":{"@id":"https:\/\/caminbatraniselimbar.ro\/index.php\/2021\/04\/05\/ingrijire-batrani-seniori-camin-batrani-sibiu\/#primaryimage"},"thumbnailUrl":"https:\/\/caminbatraniselimbar.ro\/wp-content\/uploads\/2021\/04\/Picture-085.jpg","articleSection":["Camin Seniori"],"inLanguage":"en-US","potentialAction":[{"@type":"CommentAction","name":"Comment","target":["https:\/\/caminbatraniselimbar.ro\/index.php\/2021\/04\/05\/ingrijire-batrani-seniori-camin-batrani-sibiu\/#respond"]}]},{"@type":"WebPage","@id":"https:\/\/caminbatraniselimbar.ro\/index.php\/2021\/04\/05\/ingrijire-batrani-seniori-camin-batrani-sibiu\/","url":"https:\/\/caminbatraniselimbar.ro\/index.php\/2021\/04\/05\/ingrijire-batrani-seniori-camin-batrani-sibiu\/","name":"Despre Noi - Senioren Haus Bethel","isPartOf":{"@id":"https:\/\/caminbatraniselimbar.ro\/#website"},"primaryImageOfPage":{"@id":"https:\/\/caminbatraniselimbar.ro\/index.php\/2021\/04\/05\/ingrijire-batrani-seniori-camin-batrani-sibiu\/#primaryimage"},"image":{"@id":"https:\/\/caminbatraniselimbar.ro\/index.php\/2021\/04\/05\/ingrijire-batrani-seniori-camin-batrani-sibiu\/#primaryimage"},"thumbnailUrl":"https:\/\/caminbatraniselimbar.ro\/wp-content\/uploads\/2021\/04\/Picture-085.jpg","datePublished":"2021-04-05T22:57:36+00:00","dateModified":"2021-04-24T04:56:06+00:00","description":"O casa pentru cei inaintati in varsta, camin batrani, camin seniori Sibiu, centru ingrijire batrani, centru ingrijire seniori","breadcrumb":{"@id":"https:\/\/caminbatraniselimbar.ro\/index.php\/2021\/04\/05\/ingrijire-batrani-seniori-camin-batrani-sibiu\/#breadcrumb"},"inLanguage":"en-US","potentialAction":[{"@type":"ReadAction","target":["https:\/\/caminbatraniselimbar.ro\/index.php\/2021\/04\/05\/ingrijire-batrani-seniori-camin-batrani-sibiu\/"]}]},{"@type":"ImageObject","inLanguage":"en-US","@id":"https:\/\/caminbatraniselimbar.ro\/index.php\/2021\/04\/05\/ingrijire-batrani-seniori-camin-batrani-sibiu\/#primaryimage","url":"https:\/\/caminbatraniselimbar.ro\/wp-content\/uploads\/2021\/04\/Picture-085.jpg","contentUrl":"https:\/\/caminbatraniselimbar.ro\/wp-content\/uploads\/2021\/04\/Picture-085.jpg","width":1024,"height":768},{"@type":"BreadcrumbList","@id":"https:\/\/caminbatraniselimbar.ro\/index.php\/2021\/04\/05\/ingrijire-batrani-seniori-camin-batrani-sibiu\/#breadcrumb","itemListElement":[{"@type":"ListItem","position":1,"name":"Home","item":"https:\/\/caminbatraniselimbar.ro\/"},{"@type":"ListItem","position":2,"name":"Despre Noi"}]},{"@type":"WebSite","@id":"https:\/\/caminbatraniselimbar.ro\/#website","url":"https:\/\/caminbatraniselimbar.ro\/","name":"Senioren Haus Bethel","description":"Just another WordPress site","publisher":{"@id":"https:\/\/caminbatraniselimbar.ro\/#organization"},"potentialAction":[{"@type":"SearchAction","target":{"@type":"EntryPoint","urlTemplate":"https:\/\/caminbatraniselimbar.ro\/?s={search_term_string}"},"query-input":{"@type":"PropertyValueSpecification","valueRequired":true,"valueName":"search_term_string"}}],"inLanguage":"en-US"},{"@type":"Organization","@id":"https:\/\/caminbatraniselimbar.ro\/#organization","name":"Senioren Haus Bethel","url":"https:\/\/caminbatraniselimbar.ro\/","logo":{"@type":"ImageObject","inLanguage":"en-US","@id":"https:\/\/caminbatraniselimbar.ro\/#\/schema\/logo\/image\/","url":"https:\/\/caminbatraniselimbar.ro\/wp-content\/uploads\/2021\/04\/sigla2.png","contentUrl":"https:\/\/caminbatraniselimbar.ro\/wp-content\/uploads\/2021\/04\/sigla2.png","width":271,"height":251,"caption":"Senioren Haus Bethel"},"image":{"@id":"https:\/\/caminbatraniselimbar.ro\/#\/schema\/logo\/image\/"}},{"@type":"Person","@id":"https:\/\/caminbatraniselimbar.ro\/#\/schema\/person\/03b49664500b8956eae0f23e8bf01cd5","name":"admin","image":{"@type":"ImageObject","inLanguage":"en-US","@id":"https:\/\/caminbatraniselimbar.ro\/#\/schema\/person\/image\/","url":"https:\/\/secure.gravatar.com\/avatar\/a2e87f1aa2d79a4db44fd3135149df68b0b021910f00a17cdeb1a594e1a6e74a?s=96&d=mm&r=g","contentUrl":"https:\/\/secure.gravatar.com\/avatar\/a2e87f1aa2d79a4db44fd3135149df68b0b021910f00a17cdeb1a594e1a6e74a?s=96&d=mm&r=g","caption":"admin"},"sameAs":["https:\/\/caminbatraniselimbar.ro"],"url":"https:\/\/caminbatraniselimbar.ro\/index.php\/author\/admin_0jaa55fy\/"}]}},"_links":{"self":[{"href":"https:\/\/caminbatraniselimbar.ro\/index.php\/wp-json\/wp\/v2\/posts\/20","targetHints":{"allow":["GET"]}}],"collection":[{"href":"https:\/\/caminbatraniselimbar.ro\/index.php\/wp-json\/wp\/v2\/posts"}],"about":[{"href":"https:\/\/caminbatraniselimbar.ro\/index.php\/wp-json\/wp\/v2\/types\/post"}],"author":[{"embeddable":true,"href":"https:\/\/caminbatraniselimbar.ro\/index.php\/wp-json\/wp\/v2\/users\/1"}],"replies":[{"embeddable":true,"href":"https:\/\/caminbatraniselimbar.ro\/index.php\/wp-json\/wp\/v2\/comments?post=20"}],"version-history":[{"count":2,"href":"https:\/\/caminbatraniselimbar.ro\/index.php\/wp-json\/wp\/v2\/posts\/20\/revisions"}],"predecessor-version":[{"id":114,"href":"https:\/\/caminbatraniselimbar.ro\/index.php\/wp-json\/wp\/v2\/posts\/20\/revisions\/114"}],"wp:featuredmedia":[{"embeddable":true,"href":"https:\/\/caminbatraniselimbar.ro\/index.php\/wp-json\/wp\/v2\/media\/115"}],"wp:attachment":[{"href":"https:\/\/caminbatraniselimbar.ro\/index.php\/wp-json\/wp\/v2\/media?parent=20"}],"wp:term":[{"taxonomy":"category","embeddable":true,"href":"https:\/\/caminbatraniselimbar.ro\/index.php\/wp-json\/wp\/v2\/categories?post=20"},{"taxonomy":"post_tag","embeddable":true,"href":"https:\/\/caminbatraniselimbar.ro\/index.php\/wp-json\/wp\/v2\/tags?post=20"}],"curies":[{"name":"wp","href":"https:\/\/api.w.org\/{rel}","templated":true}]}}